{"id":57,"date":"2024-12-01T17:01:07","date_gmt":"2024-12-01T16:01:07","guid":{"rendered":"https:\/\/www.gruposelfpaper.org\/blog\/?p=57"},"modified":"2024-12-04T14:03:38","modified_gmt":"2024-12-04T13:03:38","slug":"organizadores-portadocumentos-y-maletines","status":"publish","type":"post","link":"https:\/\/www.gruposelfpaper.org\/blog\/organizadores-portadocumentos-y-maletines\/","title":{"rendered":"Carteras para documentaci\u00f3n con asas, econ\u00f3micas"},"content":{"rendered":"\n<p>Ya nos hemos acostumbrado a almacenar toda nuestra informaci\u00f3n en dispositivos m\u00f3viles, pero seguimos sin perder el gusto por los productos cl\u00e1sicos, los de toda la vida. En este art\u00edculo presentamos la nueva colecci\u00f3n de <a href=\"https:\/\/www.hipermaterial.es\/material-de-oficina\/organizacion-personal\/carteras-portadocumentos\/\" target=\"_blank\" rel=\"\"><strong>carpetas, carteras para documentos y maletines<\/strong><\/a> del conocido fabricante de agendas y recambios <strong>Liderpapel<\/strong>. Encontramos una una amplia gama de <strong>maletines para ordenador port\u00e1til<\/strong> o tablet, mochilas y complementos <strong>carteras para documentaci\u00f3n<\/strong>, con la alta calidad a la que la marca nos tiene acostumbrados. Tejidos duraderos, resistentes a rayaduras, a roturas, roces, al agua y a los rayos solares. Ajustables, con refuerzo y ergon\u00f3micos, que se adaptan al cuerpo, con asa acolchada o bandolera extra\u00edble, fabricados con buenos materiales con tacto agradable. Pero, sobre todo, econ\u00f3micas. Preparadas para el uso diario en la oficina, el comercio, o las empresas. Adecuadas para vendedores, comerciantes o ejecutivos y que pueden facilitar mucho el trabajo diario a comerciales, vendedores o representantes que tienen que desplazarse y reusnirse con sus clientes. Esta serie de productos cumplen todas las normativas europeas. Art\u00edculos con un dise\u00f1o <strong>urbano, actual y elegante<\/strong>.<\/p>\n\n\n\n<h2 class=\"wp-block-heading\">Organizadores, portadocumentos y maletines<\/h2>\n\n\n\n<p>Encuentra la carpeta adecuada para tu trabajo, entre el amplio surtido que nos ofrece. Carpetas con cierre de cremallera, de velcro, con im\u00e1n y con asas, con departamentos interiores, con anillas o fundas de pl\u00e1stico, hasta con una calculadora interior. Todo tipo de <a href=\"https:\/\/www.hipermaterial.es\/material-de-oficina\/organizacion-personal\/\" target=\"_blank\" rel=\"noreferrer noopener\">accesorios para la organizaci\u00f3n personal.<\/a> Y todos los complementos para la mesa del despacho, la oficina o el escritorio. Desde list\u00ednes tel\u00e9fonicos, vades de sobremesa, tarjeteros para tarjetas de visita, tarifarios, archivadores y carpetas de fundas transparentes o portamen\u00fas. Y todas las <strong>agendas<\/strong> y recambioas que puedas necesitar. Con interiores, de un d\u00eda por cada p\u00e1gina, o semanales, de una semana vista al abrilas. <strong>Agendas econ\u00f3micas<\/strong> Liderpapel de todos los tama\u00f1os, colores y acabados. Todos los productos con una descripi\u00f3n detallada de sus caracter\u00edsticas y dimensiones. Podr\u00e1s comprar estos art\u00edculos econ\u00f3micos con los mejores precios y descuentos.<\/p>\n\n\n\n<p><\/p>\n","protected":false},"excerpt":{"rendered":"<p>Ya nos hemos acostumbrado a almacenar toda nuestra informaci\u00f3n en dispositivos m\u00f3viles, pero seguimos sin perder el gusto por los productos cl\u00e1sicos, los de toda la vida. En este art\u00edculo presentamos la nueva colecci\u00f3n de carpetas, carteras para documentos y maletines del conocido fabricante de agendas y recambios Liderpapel. Encontramos una una amplia gama de [&hellip;]<\/p>\n","protected":false},"author":1,"featured_media":66,"comment_status":"closed","ping_status":"open","sticky":false,"template":"","format":"standard","meta":{"footnotes":""},"categories":[41,29],"tags":[25,26,24,27],"class_list":["post-57","post","type-post","status-publish","format-standard","has-post-thumbnail","hentry","category-agendas-y-recambios","category-organizadores-personales","tag-carpetas-portadocumentos","tag-carteras-documentacion","tag-organizacion-personal","tag-organizadores-y-agendas"],"yoast_head":"<!-- This site is optimized with the Yoast SEO plugin v26.3 - https:\/\/yoast.com\/wordpress\/plugins\/seo\/ -->\n<title>Carteras para documentaci\u00f3n con asas, econ\u00f3micas - Blog Gruposelfpaper.org<\/title>\n<meta name=\"robots\" content=\"index, follow, max-snippet:-1, max-image-preview:large, max-video-preview:-1\" \/>\n<link rel=\"canonical\" href=\"https:\/\/www.gruposelfpaper.org\/blog\/organizadores-portadocumentos-y-maletines\/\" \/>\n<meta property=\"og:locale\" content=\"es_ES\" \/>\n<meta property=\"og:type\" content=\"article\" \/>\n<meta property=\"og:title\" content=\"Carteras para documentaci\u00f3n con asas, econ\u00f3micas - Blog Gruposelfpaper.org\" \/>\n<meta property=\"og:description\" content=\"Ya nos hemos acostumbrado a almacenar toda nuestra informaci\u00f3n en dispositivos m\u00f3viles, pero seguimos sin perder el gusto por los productos cl\u00e1sicos, los de toda la vida. En este art\u00edculo presentamos la nueva colecci\u00f3n de carpetas, carteras para documentos y maletines del conocido fabricante de agendas y recambios Liderpapel. Encontramos una una amplia gama de [&hellip;]\" \/>\n<meta property=\"og:url\" content=\"https:\/\/www.gruposelfpaper.org\/blog\/organizadores-portadocumentos-y-maletines\/\" \/>\n<meta property=\"og:site_name\" content=\"Blog Gruposelfpaper.org\" \/>\n<meta property=\"article:published_time\" content=\"2024-12-01T16:01:07+00:00\" \/>\n<meta property=\"article:modified_time\" content=\"2024-12-04T13:03:38+00:00\" \/>\n<meta property=\"og:image\" content=\"https:\/\/www.gruposelfpaper.org\/blog\/wp-content\/uploads\/2024\/12\/carpetas-maletines-organizadores-portadocumentos-webp-2.webp\" \/>\n\t<meta property=\"og:image:width\" content=\"500\" \/>\n\t<meta property=\"og:image:height\" content=\"300\" \/>\n\t<meta property=\"og:image:type\" content=\"image\/webp\" \/>\n<meta name=\"author\" content=\"admin\" \/>\n<meta name=\"twitter:card\" content=\"summary_large_image\" \/>\n<meta name=\"twitter:label1\" content=\"Escrito por\" \/>\n\t<meta name=\"twitter:data1\" content=\"admin\" \/>\n\t<meta name=\"twitter:label2\" content=\"Tiempo de lectura\" \/>\n\t<meta name=\"twitter:data2\" content=\"2 minutos\" \/>\n<script type=\"application\/ld+json\" class=\"yoast-schema-graph\">{\"@context\":\"https:\/\/schema.org\",\"@graph\":[{\"@type\":\"Article\",\"@id\":\"https:\/\/www.gruposelfpaper.org\/blog\/organizadores-portadocumentos-y-maletines\/#article\",\"isPartOf\":{\"@id\":\"https:\/\/www.gruposelfpaper.org\/blog\/organizadores-portadocumentos-y-maletines\/\"},\"author\":{\"name\":\"admin\",\"@id\":\"https:\/\/www.gruposelfpaper.org\/blog\/#\/schema\/person\/36cb4ff9d5a030d0796f3c284c87e279\"},\"headline\":\"Carteras para documentaci\u00f3n con asas, econ\u00f3micas\",\"datePublished\":\"2024-12-01T16:01:07+00:00\",\"dateModified\":\"2024-12-04T13:03:38+00:00\",\"mainEntityOfPage\":{\"@id\":\"https:\/\/www.gruposelfpaper.org\/blog\/organizadores-portadocumentos-y-maletines\/\"},\"wordCount\":358,\"publisher\":{\"@id\":\"https:\/\/www.gruposelfpaper.org\/blog\/#organization\"},\"image\":{\"@id\":\"https:\/\/www.gruposelfpaper.org\/blog\/organizadores-portadocumentos-y-maletines\/#primaryimage\"},\"thumbnailUrl\":\"https:\/\/www.gruposelfpaper.org\/blog\/wp-content\/uploads\/2024\/12\/carpetas-maletines-organizadores-portadocumentos-webp-2.webp\",\"keywords\":[\"carpetas portadocumentos\",\"carteras documentaci\u00f3n\",\"organizaci\u00f3n personal\",\"organizadores y agendas\"],\"articleSection\":[\"Agendas y recambios\",\"Organizadores personales\"],\"inLanguage\":\"es\"},{\"@type\":\"WebPage\",\"@id\":\"https:\/\/www.gruposelfpaper.org\/blog\/organizadores-portadocumentos-y-maletines\/\",\"url\":\"https:\/\/www.gruposelfpaper.org\/blog\/organizadores-portadocumentos-y-maletines\/\",\"name\":\"Carteras para documentaci\u00f3n con asas, econ\u00f3micas - Blog Gruposelfpaper.org\",\"isPartOf\":{\"@id\":\"https:\/\/www.gruposelfpaper.org\/blog\/#website\"},\"primaryImageOfPage\":{\"@id\":\"https:\/\/www.gruposelfpaper.org\/blog\/organizadores-portadocumentos-y-maletines\/#primaryimage\"},\"image\":{\"@id\":\"https:\/\/www.gruposelfpaper.org\/blog\/organizadores-portadocumentos-y-maletines\/#primaryimage\"},\"thumbnailUrl\":\"https:\/\/www.gruposelfpaper.org\/blog\/wp-content\/uploads\/2024\/12\/carpetas-maletines-organizadores-portadocumentos-webp-2.webp\",\"datePublished\":\"2024-12-01T16:01:07+00:00\",\"dateModified\":\"2024-12-04T13:03:38+00:00\",\"breadcrumb\":{\"@id\":\"https:\/\/www.gruposelfpaper.org\/blog\/organizadores-portadocumentos-y-maletines\/#breadcrumb\"},\"inLanguage\":\"es\",\"potentialAction\":[{\"@type\":\"ReadAction\",\"target\":[\"https:\/\/www.gruposelfpaper.org\/blog\/organizadores-portadocumentos-y-maletines\/\"]}]},{\"@type\":\"ImageObject\",\"inLanguage\":\"es\",\"@id\":\"https:\/\/www.gruposelfpaper.org\/blog\/organizadores-portadocumentos-y-maletines\/#primaryimage\",\"url\":\"https:\/\/www.gruposelfpaper.org\/blog\/wp-content\/uploads\/2024\/12\/carpetas-maletines-organizadores-portadocumentos-webp-2.webp\",\"contentUrl\":\"https:\/\/www.gruposelfpaper.org\/blog\/wp-content\/uploads\/2024\/12\/carpetas-maletines-organizadores-portadocumentos-webp-2.webp\",\"width\":500,\"height\":300},{\"@type\":\"BreadcrumbList\",\"@id\":\"https:\/\/www.gruposelfpaper.org\/blog\/organizadores-portadocumentos-y-maletines\/#breadcrumb\",\"itemListElement\":[{\"@type\":\"ListItem\",\"position\":1,\"name\":\"Portada\",\"item\":\"https:\/\/www.gruposelfpaper.org\/blog\/\"},{\"@type\":\"ListItem\",\"position\":2,\"name\":\"Carteras para documentaci\u00f3n con asas, econ\u00f3micas\"}]},{\"@type\":\"WebSite\",\"@id\":\"https:\/\/www.gruposelfpaper.org\/blog\/#website\",\"url\":\"https:\/\/www.gruposelfpaper.org\/blog\/\",\"name\":\"Blog Gruposelfpaper.org\",\"description\":\"Gruposelfpaper.org webs de material de oficina y papeler\u00eda\",\"publisher\":{\"@id\":\"https:\/\/www.gruposelfpaper.org\/blog\/#organization\"},\"potentialAction\":[{\"@type\":\"SearchAction\",\"target\":{\"@type\":\"EntryPoint\",\"urlTemplate\":\"https:\/\/www.gruposelfpaper.org\/blog\/?s={search_term_string}\"},\"query-input\":{\"@type\":\"PropertyValueSpecification\",\"valueRequired\":true,\"valueName\":\"search_term_string\"}}],\"inLanguage\":\"es\"},{\"@type\":\"Organization\",\"@id\":\"https:\/\/www.gruposelfpaper.org\/blog\/#organization\",\"name\":\"Blog Gruposelfpaper.org\",\"url\":\"https:\/\/www.gruposelfpaper.org\/blog\/\",\"logo\":{\"@type\":\"ImageObject\",\"inLanguage\":\"es\",\"@id\":\"https:\/\/www.gruposelfpaper.org\/blog\/#\/schema\/logo\/image\/\",\"url\":\"https:\/\/www.gruposelfpaper.org\/blog\/wp-content\/uploads\/2024\/10\/cropped-logotipo-grupo-selfpaper-transp-800.webp\",\"contentUrl\":\"https:\/\/www.gruposelfpaper.org\/blog\/wp-content\/uploads\/2024\/10\/cropped-logotipo-grupo-selfpaper-transp-800.webp\",\"width\":521,\"height\":90,\"caption\":\"Blog Gruposelfpaper.org\"},\"image\":{\"@id\":\"https:\/\/www.gruposelfpaper.org\/blog\/#\/schema\/logo\/image\/\"}},{\"@type\":\"Person\",\"@id\":\"https:\/\/www.gruposelfpaper.org\/blog\/#\/schema\/person\/36cb4ff9d5a030d0796f3c284c87e279\",\"name\":\"admin\",\"image\":{\"@type\":\"ImageObject\",\"inLanguage\":\"es\",\"@id\":\"https:\/\/www.gruposelfpaper.org\/blog\/#\/schema\/person\/image\/\",\"url\":\"https:\/\/secure.gravatar.com\/avatar\/92e7ee34c95a972819a84d77da7d01e0f6ec5a8e7ce282382655bb299dc6ef7e?s=96&d=mm&r=g\",\"contentUrl\":\"https:\/\/secure.gravatar.com\/avatar\/92e7ee34c95a972819a84d77da7d01e0f6ec5a8e7ce282382655bb299dc6ef7e?s=96&d=mm&r=g\",\"caption\":\"admin\"},\"sameAs\":[\"https:\/\/www.gruposelfpaper.org\/blog\"],\"url\":\"https:\/\/www.gruposelfpaper.org\/blog\/author\/material_oficina\/\"}]}<\/script>\n<!-- \/ Yoast SEO plugin. -->","yoast_head_json":{"title":"Carteras para documentaci\u00f3n con asas, econ\u00f3micas - Blog Gruposelfpaper.org","robots":{"index":"index","follow":"follow","max-snippet":"max-snippet:-1","max-image-preview":"max-image-preview:large","max-video-preview":"max-video-preview:-1"},"canonical":"https:\/\/www.gruposelfpaper.org\/blog\/organizadores-portadocumentos-y-maletines\/","og_locale":"es_ES","og_type":"article","og_title":"Carteras para documentaci\u00f3n con asas, econ\u00f3micas - Blog Gruposelfpaper.org","og_description":"Ya nos hemos acostumbrado a almacenar toda nuestra informaci\u00f3n en dispositivos m\u00f3viles, pero seguimos sin perder el gusto por los productos cl\u00e1sicos, los de toda la vida. En este art\u00edculo presentamos la nueva colecci\u00f3n de carpetas, carteras para documentos y maletines del conocido fabricante de agendas y recambios Liderpapel. Encontramos una una amplia gama de [&hellip;]","og_url":"https:\/\/www.gruposelfpaper.org\/blog\/organizadores-portadocumentos-y-maletines\/","og_site_name":"Blog Gruposelfpaper.org","article_published_time":"2024-12-01T16:01:07+00:00","article_modified_time":"2024-12-04T13:03:38+00:00","og_image":[{"width":500,"height":300,"url":"https:\/\/www.gruposelfpaper.org\/blog\/wp-content\/uploads\/2024\/12\/carpetas-maletines-organizadores-portadocumentos-webp-2.webp","type":"image\/webp"}],"author":"admin","twitter_card":"summary_large_image","twitter_misc":{"Escrito por":"admin","Tiempo de lectura":"2 minutos"},"schema":{"@context":"https:\/\/schema.org","@graph":[{"@type":"Article","@id":"https:\/\/www.gruposelfpaper.org\/blog\/organizadores-portadocumentos-y-maletines\/#article","isPartOf":{"@id":"https:\/\/www.gruposelfpaper.org\/blog\/organizadores-portadocumentos-y-maletines\/"},"author":{"name":"admin","@id":"https:\/\/www.gruposelfpaper.org\/blog\/#\/schema\/person\/36cb4ff9d5a030d0796f3c284c87e279"},"headline":"Carteras para documentaci\u00f3n con asas, econ\u00f3micas","datePublished":"2024-12-01T16:01:07+00:00","dateModified":"2024-12-04T13:03:38+00:00","mainEntityOfPage":{"@id":"https:\/\/www.gruposelfpaper.org\/blog\/organizadores-portadocumentos-y-maletines\/"},"wordCount":358,"publisher":{"@id":"https:\/\/www.gruposelfpaper.org\/blog\/#organization"},"image":{"@id":"https:\/\/www.gruposelfpaper.org\/blog\/organizadores-portadocumentos-y-maletines\/#primaryimage"},"thumbnailUrl":"https:\/\/www.gruposelfpaper.org\/blog\/wp-content\/uploads\/2024\/12\/carpetas-maletines-organizadores-portadocumentos-webp-2.webp","keywords":["carpetas portadocumentos","carteras documentaci\u00f3n","organizaci\u00f3n personal","organizadores y agendas"],"articleSection":["Agendas y recambios","Organizadores personales"],"inLanguage":"es"},{"@type":"WebPage","@id":"https:\/\/www.gruposelfpaper.org\/blog\/organizadores-portadocumentos-y-maletines\/","url":"https:\/\/www.gruposelfpaper.org\/blog\/organizadores-portadocumentos-y-maletines\/","name":"Carteras para documentaci\u00f3n con asas, econ\u00f3micas - Blog Gruposelfpaper.org","isPartOf":{"@id":"https:\/\/www.gruposelfpaper.org\/blog\/#website"},"primaryImageOfPage":{"@id":"https:\/\/www.gruposelfpaper.org\/blog\/organizadores-portadocumentos-y-maletines\/#primaryimage"},"image":{"@id":"https:\/\/www.gruposelfpaper.org\/blog\/organizadores-portadocumentos-y-maletines\/#primaryimage"},"thumbnailUrl":"https:\/\/www.gruposelfpaper.org\/blog\/wp-content\/uploads\/2024\/12\/carpetas-maletines-organizadores-portadocumentos-webp-2.webp","datePublished":"2024-12-01T16:01:07+00:00","dateModified":"2024-12-04T13:03:38+00:00","breadcrumb":{"@id":"https:\/\/www.gruposelfpaper.org\/blog\/organizadores-portadocumentos-y-maletines\/#breadcrumb"},"inLanguage":"es","potentialAction":[{"@type":"ReadAction","target":["https:\/\/www.gruposelfpaper.org\/blog\/organizadores-portadocumentos-y-maletines\/"]}]},{"@type":"ImageObject","inLanguage":"es","@id":"https:\/\/www.gruposelfpaper.org\/blog\/organizadores-portadocumentos-y-maletines\/#primaryimage","url":"https:\/\/www.gruposelfpaper.org\/blog\/wp-content\/uploads\/2024\/12\/carpetas-maletines-organizadores-portadocumentos-webp-2.webp","contentUrl":"https:\/\/www.gruposelfpaper.org\/blog\/wp-content\/uploads\/2024\/12\/carpetas-maletines-organizadores-portadocumentos-webp-2.webp","width":500,"height":300},{"@type":"BreadcrumbList","@id":"https:\/\/www.gruposelfpaper.org\/blog\/organizadores-portadocumentos-y-maletines\/#breadcrumb","itemListElement":[{"@type":"ListItem","position":1,"name":"Portada","item":"https:\/\/www.gruposelfpaper.org\/blog\/"},{"@type":"ListItem","position":2,"name":"Carteras para documentaci\u00f3n con asas, econ\u00f3micas"}]},{"@type":"WebSite","@id":"https:\/\/www.gruposelfpaper.org\/blog\/#website","url":"https:\/\/www.gruposelfpaper.org\/blog\/","name":"Blog Gruposelfpaper.org","description":"Gruposelfpaper.org webs de material de oficina y papeler\u00eda","publisher":{"@id":"https:\/\/www.gruposelfpaper.org\/blog\/#organization"},"potentialAction":[{"@type":"SearchAction","target":{"@type":"EntryPoint","urlTemplate":"https:\/\/www.gruposelfpaper.org\/blog\/?s={search_term_string}"},"query-input":{"@type":"PropertyValueSpecification","valueRequired":true,"valueName":"search_term_string"}}],"inLanguage":"es"},{"@type":"Organization","@id":"https:\/\/www.gruposelfpaper.org\/blog\/#organization","name":"Blog Gruposelfpaper.org","url":"https:\/\/www.gruposelfpaper.org\/blog\/","logo":{"@type":"ImageObject","inLanguage":"es","@id":"https:\/\/www.gruposelfpaper.org\/blog\/#\/schema\/logo\/image\/","url":"https:\/\/www.gruposelfpaper.org\/blog\/wp-content\/uploads\/2024\/10\/cropped-logotipo-grupo-selfpaper-transp-800.webp","contentUrl":"https:\/\/www.gruposelfpaper.org\/blog\/wp-content\/uploads\/2024\/10\/cropped-logotipo-grupo-selfpaper-transp-800.webp","width":521,"height":90,"caption":"Blog Gruposelfpaper.org"},"image":{"@id":"https:\/\/www.gruposelfpaper.org\/blog\/#\/schema\/logo\/image\/"}},{"@type":"Person","@id":"https:\/\/www.gruposelfpaper.org\/blog\/#\/schema\/person\/36cb4ff9d5a030d0796f3c284c87e279","name":"admin","image":{"@type":"ImageObject","inLanguage":"es","@id":"https:\/\/www.gruposelfpaper.org\/blog\/#\/schema\/person\/image\/","url":"https:\/\/secure.gravatar.com\/avatar\/92e7ee34c95a972819a84d77da7d01e0f6ec5a8e7ce282382655bb299dc6ef7e?s=96&d=mm&r=g","contentUrl":"https:\/\/secure.gravatar.com\/avatar\/92e7ee34c95a972819a84d77da7d01e0f6ec5a8e7ce282382655bb299dc6ef7e?s=96&d=mm&r=g","caption":"admin"},"sameAs":["https:\/\/www.gruposelfpaper.org\/blog"],"url":"https:\/\/www.gruposelfpaper.org\/blog\/author\/material_oficina\/"}]}},"jetpack_featured_media_url":"https:\/\/www.gruposelfpaper.org\/blog\/wp-content\/uploads\/2024\/12\/carpetas-maletines-organizadores-portadocumentos-webp-2.webp","_links":{"self":[{"href":"https:\/\/www.gruposelfpaper.org\/blog\/wp-json\/wp\/v2\/posts\/57","targetHints":{"allow":["GET"]}}],"collection":[{"href":"https:\/\/www.gruposelfpaper.org\/blog\/wp-json\/wp\/v2\/posts"}],"about":[{"href":"https:\/\/www.gruposelfpaper.org\/blog\/wp-json\/wp\/v2\/types\/post"}],"author":[{"embeddable":true,"href":"https:\/\/www.gruposelfpaper.org\/blog\/wp-json\/wp\/v2\/users\/1"}],"replies":[{"embeddable":true,"href":"https:\/\/www.gruposelfpaper.org\/blog\/wp-json\/wp\/v2\/comments?post=57"}],"version-history":[{"count":7,"href":"https:\/\/www.gruposelfpaper.org\/blog\/wp-json\/wp\/v2\/posts\/57\/revisions"}],"predecessor-version":[{"id":130,"href":"https:\/\/www.gruposelfpaper.org\/blog\/wp-json\/wp\/v2\/posts\/57\/revisions\/130"}],"wp:featuredmedia":[{"embeddable":true,"href":"https:\/\/www.gruposelfpaper.org\/blog\/wp-json\/wp\/v2\/media\/66"}],"wp:attachment":[{"href":"https:\/\/www.gruposelfpaper.org\/blog\/wp-json\/wp\/v2\/media?parent=57"}],"wp:term":[{"taxonomy":"category","embeddable":true,"href":"https:\/\/www.gruposelfpaper.org\/blog\/wp-json\/wp\/v2\/categories?post=57"},{"taxonomy":"post_tag","embeddable":true,"href":"https:\/\/www.gruposelfpaper.org\/blog\/wp-json\/wp\/v2\/tags?post=57"}],"curies":[{"name":"wp","href":"https:\/\/api.w.org\/{rel}","templated":true}]}}